{"id":23008,"date":"2023-07-17T15:36:28","date_gmt":"2023-07-17T21:36:28","guid":{"rendered":"https:\/\/dif.naucalpan.gob.mx\/?p=23008"},"modified":"2023-07-17T15:46:15","modified_gmt":"2023-07-17T21:46:15","slug":"elementor-23008","status":"publish","type":"post","link":"https:\/\/dif.naucalpan.gob.mx\/?p=23008","title":{"rendered":"Curso de Verano DIF 2023"},"content":{"rendered":"\t\t<div data-elementor-type=\"wp-post\" data-elementor-id=\"23008\" class=\"elementor elementor-23008\">\n\t\t\t\t\t\t<section class=\"elementor-section elementor-top-section elementor-element elementor-element-6253c38f elementor-section-boxed elementor-section-height-default elementor-section-height-default\" data-id=\"6253c38f\" data-element_type=\"section\">\n\t\t\t\t\t\t<div class=\"elementor-container elementor-column-gap-default\">\n\t\t\t\t\t<div class=\"elementor-column elementor-col-100 elementor-top-column elementor-element elementor-element-171eee66\" data-id=\"171eee66\" data-element_type=\"column\">\n\t\t\t<div class=\"elementor-widget-wrap elementor-element-populated\">\n\t\t\t\t\t\t<div class=\"elementor-element elementor-element-6803fed elementor-widget elementor-widget-heading\" data-id=\"6803fed\" data-element_type=\"widget\" data-widget_type=\"heading.default\">\n\t\t\t\t<div class=\"elementor-widget-container\">\n\t\t\t\t\t<h2 class=\"elementor-heading-title elementor-size-default\">Curso de Verano DIF Naucalpan 2023<\/h2>\t\t\t\t<\/div>\n\t\t\t\t<\/div>\n\t\t\t\t<section class=\"elementor-section elementor-inner-section elementor-element elementor-element-3126e9b9 elementor-section-boxed elementor-section-height-default elementor-section-height-default\" data-id=\"3126e9b9\" data-element_type=\"section\">\n\t\t\t\t\t\t<div class=\"elementor-container elementor-column-gap-default\">\n\t\t\t\t\t<div class=\"elementor-column elementor-col-100 elementor-inner-column elementor-element elementor-element-2e450927\" data-id=\"2e450927\" data-element_type=\"column\">\n\t\t\t<div class=\"elementor-widget-wrap elementor-element-populated\">\n\t\t\t\t\t\t<div class=\"elementor-element elementor-element-60a6ebb2 elementor-widget elementor-widget-text-editor\" data-id=\"60a6ebb2\" data-element_type=\"widget\" data-widget_type=\"text-editor.default\">\n\t\t\t\t<div class=\"elementor-widget-container\">\n\t\t\t\t\t\t\t\t\t<p>Disfruta estas vacaciones en nuestro Curso de Verano 2023 donde podr\u00e1s jugar, divertirte y hacer amigos.<\/p>\t\t\t\t\t\t\t\t<\/div>\n\t\t\t\t<\/div>\n\t\t\t\t<div class=\"elementor-element elementor-element-ea79a43 elementor-widget elementor-widget-elementskit-heading\" data-id=\"ea79a43\" data-element_type=\"widget\" data-widget_type=\"elementskit-heading.default\">\n\t\t\t\t<div class=\"elementor-widget-container\">\n\t\t\t\t\t<div class=\"ekit-wid-con\" ><div class=\"ekit-heading elementskit-section-title-wraper text_center   ekit_heading_tablet-   ekit_heading_mobile-\"><div class=\"ekit_heading_separetor_wraper ekit_heading_elementskit-border-divider ekit-dotted\"><div class=\"elementskit-border-divider ekit-dotted\"><\/div><\/div><\/div><\/div>\t\t\t\t<\/div>\n\t\t\t\t<\/div>\n\t\t\t\t<div class=\"elementor-element elementor-element-af2428a elementor-widget elementor-widget-text-editor\" data-id=\"af2428a\" data-element_type=\"widget\" data-widget_type=\"text-editor.default\">\n\t\t\t\t<div class=\"elementor-widget-container\">\n\t\t\t\t\t\t\t\t\t<p><strong>Informaci\u00f3n:<\/strong><\/p>\t\t\t\t\t\t\t\t<\/div>\n\t\t\t\t<\/div>\n\t\t\t\t<div class=\"elementor-element elementor-element-93c6139 elementor-widget elementor-widget-text-editor\" data-id=\"93c6139\" data-element_type=\"widget\" data-widget_type=\"text-editor.default\">\n\t\t\t\t<div class=\"elementor-widget-container\">\n\t\t\t\t\t\t\t\t\t<ul><li>Duraci\u00f3n del curso: 2 semanas, del 31 de julio al 11 de agosto del 2023.<\/li><li>Costo: $500\u00ba\u00ba por semana.<\/li><li>Horario del curso: de 09:00 a 14:00 hrs.<\/li><li>Edades: 04 a\u00f1os a los 11 a\u00f1os cumplidos.<\/li><li>Lugar de inscripci\u00f3n: Oficinas de la Subdirecci\u00f3n de Asistencia a la Ni\u00f1ez, ubicadas en DIF Arcos.<\/li><li>El curso se llevar\u00e1 a cabo en las instalaciones del Jard\u00edn de Ni\u00f1os Atenco, ubicado en Ferrocarril Ac\u00e1mbaro no. 45 Col. El Conde (a un costado de los juzgados).<\/li><li>Salida a Granja las Am\u00e9ricas.<\/li><\/ul>\t\t\t\t\t\t\t\t<\/div>\n\t\t\t\t<\/div>\n\t\t\t\t<div class=\"elementor-element elementor-element-6217449 elementor-widget elementor-widget-text-editor\" data-id=\"6217449\" data-element_type=\"widget\" data-widget_type=\"text-editor.default\">\n\t\t\t\t<div class=\"elementor-widget-container\">\n\t\t\t\t\t\t\t\t\t<p><strong>Requisitos:<\/strong><\/p>\t\t\t\t\t\t\t\t<\/div>\n\t\t\t\t<\/div>\n\t\t\t\t<div class=\"elementor-element elementor-element-a2a18e8 elementor-widget elementor-widget-text-editor\" data-id=\"a2a18e8\" data-element_type=\"widget\" data-widget_type=\"text-editor.default\">\n\t\t\t\t<div class=\"elementor-widget-container\">\n\t\t\t\t\t\t\t\t\t<ul><li>Copia de INE de mam\u00e1, pap\u00e1 o tutor.<\/li><li>Copia de INE de las personas autorizadas para recoger al menor.<\/li><li>Copia de la CURP del menor.<\/li><li>Recibo de pago de inscripci\u00f3n (se pagar\u00e1 en cualquiera de las cajas de DIF).<\/li><\/ul>\t\t\t\t\t\t\t\t<\/div>\n\t\t\t\t<\/div>\n\t\t\t\t<div class=\"elementor-element elementor-element-4effd7a elementor-widget elementor-widget-text-editor\" data-id=\"4effd7a\" data-element_type=\"widget\" data-widget_type=\"text-editor.default\">\n\t\t\t\t<div class=\"elementor-widget-container\">\n\t\t\t\t\t\t\t\t\t<p><strong>Inscripci\u00f3n:<\/strong><\/p>\t\t\t\t\t\t\t\t<\/div>\n\t\t\t\t<\/div>\n\t\t\t\t<div class=\"elementor-element elementor-element-a2b28dc elementor-widget elementor-widget-text-editor\" data-id=\"a2b28dc\" data-element_type=\"widget\" data-widget_type=\"text-editor.default\">\n\t\t\t\t<div class=\"elementor-widget-container\">\n\t\t\t\t\t\t\t\t\t<ul><li>Periodo de inscripci\u00f3n: del lunes 17 al viernes 28 de julio.<\/li><li>Horario: de lunes a viernes de 09:00 a 16:00 hrs.<\/li><li>Tel\u00e9fono de atenci\u00f3n: 55-92-57-67-43 Ext. 4006<\/li><\/ul><p><span style=\"color: #101059;\"><strong>Documentos que se llenan al momento de la inscripci\u00f3n:<\/strong><\/span><\/p><ul><li>Hoja de inscripci\u00f3n<\/li><li>Carta responsiva<\/li><li>Reglamento<\/li><\/ul>\t\t\t\t\t\t\t\t<\/div>\n\t\t\t\t<\/div>\n\t\t\t\t<div class=\"elementor-element elementor-element-6e76c8a elementor-widget elementor-widget-image\" data-id=\"6e76c8a\" data-element_type=\"widget\" data-widget_type=\"image.default\">\n\t\t\t\t<div class=\"elementor-widget-container\">\n\t\t\t\t\t\t\t\t\t\t\t\t\t\t\t<img fetchpriority=\"high\" decoding=\"async\" width=\"1024\" height=\"569\" src=\"https:\/\/dif.naucalpan.gob.mx\/wp-content\/uploads\/2023\/07\/CURSO_VERANO_1080X600.png\" class=\"attachment-large size-large wp-image-23007\" alt=\"\" \/>\t\t\t\t\t\t\t\t\t\t\t\t\t\t\t<\/div>\n\t\t\t\t<\/div>\n\t\t\t\t\t<\/div>\n\t\t<\/div>\n\t\t\t\t\t<\/div>\n\t\t<\/section>\n\t\t\t\t\t<\/div>\n\t\t<\/div>\n\t\t\t\t\t<\/div>\n\t\t<\/section>\n\t\t\t\t<\/div>\n\t\t<div style=\"margin: 20px 0;\"><div class=\"qrcswholewtapper\" style=\"text-align:left;\"><div class=\"qrcprowrapper\"  id=\"qrcwraa2leds\"><div class=\"qrc_canvass\" id=\"qrc_cuttenpages_2\" style=\"display:inline-block\" data-text=\"https:\/\/dif.naucalpan.gob.mx\/?p=23008\"><\/div><div><a download=\"Curso de Verano DIF 2023.png\" class=\"qrcdownloads\" id=\"worign\">\r\n           <button type=\"button\" style=\"min-width:200px;background:#0052a5;color:#ffffff;font-weight: 600;border: 1px solid #dddddd;border-radius:4px;font-size:12px;padding: 6px 0;\" class=\"uqr_code_btn\">Descargar QR<\/button>\r\n           <\/a><\/div><\/div><\/div><\/div>","protected":false},"excerpt":{"rendered":"<p>Curso de Verano DIF Naucalpan 2023 Disfruta estas vacaciones en nuestro Curso de Verano 2023 donde podr\u00e1s jugar, divertirte y hacer amigos. Informaci\u00f3n: Duraci\u00f3n del curso: 2 semanas, del 31 de julio al 11 de agosto del 2023. Costo: $500\u00ba\u00ba por semana. Horario del curso: de 09:00 a 14:00 hrs. Edades: 04 a\u00f1os a los [&hellip;]<\/p>\n","protected":false},"author":1,"featured_media":0,"comment_status":"open","ping_status":"open","sticky":false,"template":"elementor_header_footer","format":"standard","meta":{"footnotes":""},"categories":[1],"tags":[],"class_list":["post-23008","post","type-post","status-publish","format-standard","hentry","category-sin-categoria"],"_links":{"self":[{"href":"https:\/\/dif.naucalpan.gob.mx\/index.php?rest_route=\/wp\/v2\/posts\/23008","targetHints":{"allow":["GET"]}}],"collection":[{"href":"https:\/\/dif.naucalpan.gob.mx\/index.php?rest_route=\/wp\/v2\/posts"}],"about":[{"href":"https:\/\/dif.naucalpan.gob.mx\/index.php?rest_route=\/wp\/v2\/types\/post"}],"author":[{"embeddable":true,"href":"https:\/\/dif.naucalpan.gob.mx\/index.php?rest_route=\/wp\/v2\/users\/1"}],"replies":[{"embeddable":true,"href":"https:\/\/dif.naucalpan.gob.mx\/index.php?rest_route=%2Fwp%2Fv2%2Fcomments&post=23008"}],"version-history":[{"count":8,"href":"https:\/\/dif.naucalpan.gob.mx\/index.php?rest_route=\/wp\/v2\/posts\/23008\/revisions"}],"predecessor-version":[{"id":23021,"href":"https:\/\/dif.naucalpan.gob.mx\/index.php?rest_route=\/wp\/v2\/posts\/23008\/revisions\/23021"}],"wp:attachment":[{"href":"https:\/\/dif.naucalpan.gob.mx\/index.php?rest_route=%2Fwp%2Fv2%2Fmedia&parent=23008"}],"wp:term":[{"taxonomy":"category","embeddable":true,"href":"https:\/\/dif.naucalpan.gob.mx\/index.php?rest_route=%2Fwp%2Fv2%2Fcategories&post=23008"},{"taxonomy":"post_tag","embeddable":true,"href":"https:\/\/dif.naucalpan.gob.mx\/index.php?rest_route=%2Fwp%2Fv2%2Ftags&post=23008"}],"curies":[{"name":"wp","href":"https:\/\/api.w.org\/{rel}","templated":true}]}}